{"id":4960,"date":"2024-11-28T18:35:00","date_gmt":"2024-11-28T17:35:00","guid":{"rendered":"https:\/\/www.vitezi-rend.com\/?p=4960"},"modified":"2024-12-01T22:29:16","modified_gmt":"2024-12-01T21:29:16","slug":"determining-the-genetic-past-of-the-hungarian-people","status":"publish","type":"post","link":"http:\/\/www.vitezi-rend.com\/en\/determining-the-genetic-past-of-the-hungarian-people\/","title":{"rendered":"Determining the Genetic Past of the Hungarian People"},"content":{"rendered":"\n<p class=\"has-text-align-center\"><strong>November 28, 2024<\/strong><\/p>\n\n\n<div class=\"wp-block-image\">\n<figure class=\"aligncenter size-large is-resized\"><img decoding=\"async\" loading=\"lazy\" src=\"https:\/\/www.vitezi-rend.com\/wp-content\/uploads\/2024\/11\/post101_pic01-1024x762.jpg\" alt=\"\" class=\"wp-image-4961\" width=\"512\" height=\"381\" srcset=\"https:\/\/www.vitezi-rend.com\/wp-content\/uploads\/2024\/11\/post101_pic01-1024x762.jpg 1024w, https:\/\/www.vitezi-rend.com\/wp-content\/uploads\/2024\/11\/post101_pic01-300x223.jpg 300w, https:\/\/www.vitezi-rend.com\/wp-content\/uploads\/2024\/11\/post101_pic01-768x572.jpg 768w, https:\/\/www.vitezi-rend.com\/wp-content\/uploads\/2024\/11\/post101_pic01-16x12.jpg 16w, https:\/\/www.vitezi-rend.com\/wp-content\/uploads\/2024\/11\/post101_pic01.jpg 1079w\" sizes=\"(max-width: 512px) 100vw, 512px\" \/><\/figure><\/div>\n\n\n<p class=\"has-text-align-center\"><em>Author: Vit\u00e9z Zolt\u00e1n J\u00f3zsef Moln\u00e1r<\/em><\/p>\n\n\n\n<p>A lecture titled \u201cDetermining the Genetic Past of the Hungarian People: A Comparison of Recent and Archaic Samples\u201d was presented by Dr. vit\u00e9z Imre K\u00fczm\u00f6s, a former expert of the collaborative project between the Institute for Hungarian Research and the Department of Genetics at the University of Szeged. The event took place in Balk\u00e1ny, Szabolcs-Szatm\u00e1r-Bereg County, under the organization of the Seat Captaincy of Northeast Hungary Region of the Order of Vit\u00e9z<\/p>\n\n\n\n<p>This topic represents an exceptionally exciting area of historical research. As Dr. vit\u00e9z Imre K\u00fczm\u00f6s explained: &#8220;DNA research allows us to uncover our past to a depth that no one could have dreamed of a few decades ago\u2014or even ten years ago\u2014using the history written in our very own cells!&#8221;<\/p>\n\n\n\n<p>Article describing the research on SZON:<\/p>\n\n\n\n<p><a href=\"https:\/\/www.szon.hu\/helyi-kozelet\/2021\/12\/vajon-eler-e-a-maig-az-osi-vervonal\">https:\/\/www.szon.hu\/helyi-kozelet\/2021\/12\/vajon-eler-e-a-maig-az-osi-vervonal<\/a><\/p>\n\n\n\n<hr style=\"border-top: 1px solid gray;\">\n\n\n<div class=\"wp-block-image\">\n<figure class=\"aligncenter size-large is-resized\"><img decoding=\"async\" loading=\"lazy\" src=\"https:\/\/www.vitezi-rend.com\/wp-content\/uploads\/2024\/11\/post101_pic02-1024x730.jpg\" alt=\"\" class=\"wp-image-4962\" width=\"512\" height=\"365\" srcset=\"https:\/\/www.vitezi-rend.com\/wp-content\/uploads\/2024\/11\/post101_pic02-1024x730.jpg 1024w, https:\/\/www.vitezi-rend.com\/wp-content\/uploads\/2024\/11\/post101_pic02-300x214.jpg 300w, https:\/\/www.vitezi-rend.com\/wp-content\/uploads\/2024\/11\/post101_pic02-768x547.jpg 768w, https:\/\/www.vitezi-rend.com\/wp-content\/uploads\/2024\/11\/post101_pic02-18x12.jpg 18w, https:\/\/www.vitezi-rend.com\/wp-content\/uploads\/2024\/11\/post101_pic02.jpg 1079w\" sizes=\"(max-width: 512px) 100vw, 512px\" \/><\/figure><\/div>\n\n<div class=\"wp-block-image\">\n<figure class=\"aligncenter size-large is-resized\"><img decoding=\"async\" loading=\"lazy\" src=\"https:\/\/www.vitezi-rend.com\/wp-content\/uploads\/2024\/11\/post101_pic03-764x1024.jpg\" alt=\"\" class=\"wp-image-4963\" width=\"382\" height=\"512\" srcset=\"https:\/\/www.vitezi-rend.com\/wp-content\/uploads\/2024\/11\/post101_pic03-764x1024.jpg 764w, https:\/\/www.vitezi-rend.com\/wp-content\/uploads\/2024\/11\/post101_pic03-224x300.jpg 224w, https:\/\/www.vitezi-rend.com\/wp-content\/uploads\/2024\/11\/post101_pic03-768x1029.jpg 768w, https:\/\/www.vitezi-rend.com\/wp-content\/uploads\/2024\/11\/post101_pic03-9x12.jpg 9w, https:\/\/www.vitezi-rend.com\/wp-content\/uploads\/2024\/11\/post101_pic03.jpg 1027w\" sizes=\"(max-width: 382px) 100vw, 382px\" \/><\/figure><\/div>","protected":false},"excerpt":{"rendered":"<p>November 28, 2024 Author: Vit\u00e9z Zolt\u00e1n J\u00f3zsef Moln\u00e1r A lecture titled \u201cDetermining the Genetic Past of the Hungarian People: A Comparison of Recent and Archaic Samples\u201d was presented by Dr. vit\u00e9z Imre K\u00fczm\u00f6s, a former expert of the collaborative project between the Institute for Hungarian Research and the Department of Genetics at the University of [&hellip;]<\/p>\n","protected":false},"author":2,"featured_media":0,"comment_status":"closed","ping_status":"closed","sticky":false,"template":"","format":"standard","meta":{"_genesis_hide_title":false,"_genesis_hide_breadcrumbs":false,"_genesis_hide_singular_image":false,"_genesis_hide_footer_widgets":false,"_genesis_custom_body_class":"","_genesis_custom_post_class":"","_genesis_layout":""},"categories":[43],"tags":[],"_links":{"self":[{"href":"http:\/\/www.vitezi-rend.com\/en\/wp-json\/wp\/v2\/posts\/4960"}],"collection":[{"href":"http:\/\/www.vitezi-rend.com\/en\/wp-json\/wp\/v2\/posts"}],"about":[{"href":"http:\/\/www.vitezi-rend.com\/en\/wp-json\/wp\/v2\/types\/post"}],"author":[{"embeddable":true,"href":"http:\/\/www.vitezi-rend.com\/en\/wp-json\/wp\/v2\/users\/2"}],"replies":[{"embeddable":true,"href":"http:\/\/www.vitezi-rend.com\/en\/wp-json\/wp\/v2\/comments?post=4960"}],"version-history":[{"count":3,"href":"http:\/\/www.vitezi-rend.com\/en\/wp-json\/wp\/v2\/posts\/4960\/revisions"}],"predecessor-version":[{"id":4975,"href":"http:\/\/www.vitezi-rend.com\/en\/wp-json\/wp\/v2\/posts\/4960\/revisions\/4975"}],"wp:attachment":[{"href":"http:\/\/www.vitezi-rend.com\/en\/wp-json\/wp\/v2\/media?parent=4960"}],"wp:term":[{"taxonomy":"category","embeddable":true,"href":"http:\/\/www.vitezi-rend.com\/en\/wp-json\/wp\/v2\/categories?post=4960"},{"taxonomy":"post_tag","embeddable":true,"href":"http:\/\/www.vitezi-rend.com\/en\/wp-json\/wp\/v2\/tags?post=4960"}],"curies":[{"name":"wp","href":"https:\/\/api.w.org\/{rel}","templated":true}]}}