{"id":5015,"date":"2025-03-18T17:21:04","date_gmt":"2025-03-18T16:21:04","guid":{"rendered":"https:\/\/www.vitezi-rend.com\/?p=5015"},"modified":"2025-03-18T17:24:49","modified_gmt":"2025-03-18T16:24:49","slug":"invitation-to-legend-3","status":"publish","type":"post","link":"http:\/\/www.vitezi-rend.com\/en\/invitation-to-legend-3\/","title":{"rendered":"Invitation to Leg\u00e9nd"},"content":{"rendered":"\n<p class=\"has-text-align-center\"><strong>March 18, 2025<\/strong><\/p>\n\n\n<div class=\"wp-block-image\">\n<figure class=\"aligncenter size-full is-resized\"><img decoding=\"async\" loading=\"lazy\" src=\"https:\/\/www.vitezi-rend.com\/wp-content\/uploads\/2025\/03\/post25_pic01.jpg\" alt=\"\" class=\"wp-image-5016\" width=\"339\" height=\"512\" srcset=\"https:\/\/www.vitezi-rend.com\/wp-content\/uploads\/2025\/03\/post25_pic01.jpg 678w, https:\/\/www.vitezi-rend.com\/wp-content\/uploads\/2025\/03\/post25_pic01-199x300.jpg 199w, https:\/\/www.vitezi-rend.com\/wp-content\/uploads\/2025\/03\/post25_pic01-8x12.jpg 8w\" sizes=\"(max-width: 339px) 100vw, 339px\" \/><\/figure><\/div>\n\n\n<p class=\"has-text-align-center\"><strong>Distinguished Ladies and Gentlemen, Dear Confreres!<\/strong><\/p>\n\n\n\n<p>On the occasion of the National Togetherness Day, on Saturday, June 7, 2025, the Order of Vit\u00e9z will hold a solemn commemoration, to which we warmly invite and await everyone. Please indicate your intention to participate and your relatives at: <a href=\"mailto:tamas.tunkel@vitezi-rend.com\" class=\"rank-math-link\">tamas.tunkel@vitezi-rend.com<\/a>.<\/p>\n\n\n\n<p class=\"has-text-align-center\"><strong>Program:<\/strong><\/p>\n\n\n\n<p class=\"has-text-align-center\"><strong>11.00 a.m.<\/strong><br>Festive worship in the Roman Catholic Church of the Assumption in Legend (N\u00f3gr\u00e1ds\u00e1pi \u00fat, Leg\u00e9nd 0227 hrsz. &#8211; according to the map below). The Mass will be celebrated by the Right Reverend Father Zsolt Szerencs\u00e9s, Coadjutor Grand Prior of the Order of the Holy Sepulchre of Jerusalem, Canon, Dean, Parish Priest;<\/p>\n\n\n\n<p class=\"has-text-align-center\"><strong>12.00 a.m.<\/strong><br>Joint commemoration and wreath-laying at the Vit\u00e9z and Trianon Monument in Leg\u00e9n (Pet\u0151fi S\u00e1ndor \u00fat 6);<\/p>\n\n\n\n<p class=\"has-text-align-center\"><strong>13.00 a.m.<\/strong><br>Lunch for the members of the Order of Vit\u00e9z and family members in the House of Culture (D\u00f3zsa Gy\u00f6rgy \u00fat 77);<\/p>\n\n\n\n<p class=\"has-text-align-center\"><strong>14.00 a.m.<\/strong><br>Meeting of officers of the Order of Vit\u00e9z in the House of Culture (D\u00f3zsa Gy\u00f6rgy \u00fat 77)<\/p>\n\n\n\n<hr style=\"border-top: 1px solid gray;\">\n\n\n<div class=\"wp-block-image\">\n<figure class=\"aligncenter size-full is-resized\"><img decoding=\"async\" loading=\"lazy\" src=\"https:\/\/www.vitezi-rend.com\/wp-content\/uploads\/2025\/03\/post25_pic02.jpg\" alt=\"\" class=\"wp-image-5017\" width=\"480\" height=\"339\" srcset=\"https:\/\/www.vitezi-rend.com\/wp-content\/uploads\/2025\/03\/post25_pic02.jpg 640w, https:\/\/www.vitezi-rend.com\/wp-content\/uploads\/2025\/03\/post25_pic02-300x212.jpg 300w, https:\/\/www.vitezi-rend.com\/wp-content\/uploads\/2025\/03\/post25_pic02-18x12.jpg 18w\" sizes=\"(max-width: 480px) 100vw, 480px\" \/><\/figure><\/div>","protected":false},"excerpt":{"rendered":"<p>March 18, 2025 Distinguished Ladies and Gentlemen, Dear Confreres! On the occasion of the National Togetherness Day, on Saturday, June 7, 2025, the Order of Vit\u00e9z will hold a solemn commemoration, to which we warmly invite and await everyone. Please indicate your intention to participate and your relatives at: tamas.tunkel@vitezi-rend.com. Program: 11.00 a.m.Festive worship in [&hellip;]<\/p>\n","protected":false},"author":2,"featured_media":0,"comment_status":"closed","ping_status":"closed","sticky":false,"template":"","format":"standard","meta":{"_genesis_hide_title":false,"_genesis_hide_breadcrumbs":false,"_genesis_hide_singular_image":false,"_genesis_hide_footer_widgets":false,"_genesis_custom_body_class":"","_genesis_custom_post_class":"","_genesis_layout":""},"categories":[43],"tags":[],"_links":{"self":[{"href":"http:\/\/www.vitezi-rend.com\/en\/wp-json\/wp\/v2\/posts\/5015"}],"collection":[{"href":"http:\/\/www.vitezi-rend.com\/en\/wp-json\/wp\/v2\/posts"}],"about":[{"href":"http:\/\/www.vitezi-rend.com\/en\/wp-json\/wp\/v2\/types\/post"}],"author":[{"embeddable":true,"href":"http:\/\/www.vitezi-rend.com\/en\/wp-json\/wp\/v2\/users\/2"}],"replies":[{"embeddable":true,"href":"http:\/\/www.vitezi-rend.com\/en\/wp-json\/wp\/v2\/comments?post=5015"}],"version-history":[{"count":2,"href":"http:\/\/www.vitezi-rend.com\/en\/wp-json\/wp\/v2\/posts\/5015\/revisions"}],"predecessor-version":[{"id":5019,"href":"http:\/\/www.vitezi-rend.com\/en\/wp-json\/wp\/v2\/posts\/5015\/revisions\/5019"}],"wp:attachment":[{"href":"http:\/\/www.vitezi-rend.com\/en\/wp-json\/wp\/v2\/media?parent=5015"}],"wp:term":[{"taxonomy":"category","embeddable":true,"href":"http:\/\/www.vitezi-rend.com\/en\/wp-json\/wp\/v2\/categories?post=5015"},{"taxonomy":"post_tag","embeddable":true,"href":"http:\/\/www.vitezi-rend.com\/en\/wp-json\/wp\/v2\/tags?post=5015"}],"curies":[{"name":"wp","href":"https:\/\/api.w.org\/{rel}","templated":true}]}}