{"id":5642,"date":"2025-10-28T15:19:03","date_gmt":"2025-10-28T14:19:03","guid":{"rendered":"https:\/\/www.vitezi-rend.com\/?p=5642"},"modified":"2025-10-28T15:19:47","modified_gmt":"2025-10-28T14:19:47","slug":"national-commemoration-in-cologne","status":"publish","type":"post","link":"http:\/\/www.vitezi-rend.com\/en\/national-commemoration-in-cologne\/","title":{"rendered":"National Commemoration in Cologne"},"content":{"rendered":"\n<p class=\"has-text-align-center\"><strong>October 28, 2025<\/strong><\/p>\n\n\n<div class=\"wp-block-image\">\n<figure class=\"aligncenter size-large is-resized\"><img decoding=\"async\" loading=\"lazy\" src=\"https:\/\/www.vitezi-rend.com\/wp-content\/uploads\/2025\/10\/post133_pic01-768x1024.jpg\" alt=\"\" class=\"wp-image-5643\" width=\"384\" height=\"512\" srcset=\"https:\/\/www.vitezi-rend.com\/wp-content\/uploads\/2025\/10\/post133_pic01-768x1024.jpg 768w, https:\/\/www.vitezi-rend.com\/wp-content\/uploads\/2025\/10\/post133_pic01-225x300.jpg 225w, https:\/\/www.vitezi-rend.com\/wp-content\/uploads\/2025\/10\/post133_pic01-1152x1536.jpg 1152w, https:\/\/www.vitezi-rend.com\/wp-content\/uploads\/2025\/10\/post133_pic01-1536x2048.jpg 1536w, https:\/\/www.vitezi-rend.com\/wp-content\/uploads\/2025\/10\/post133_pic01-9x12.jpg 9w, https:\/\/www.vitezi-rend.com\/wp-content\/uploads\/2025\/10\/post133_pic01-scaled.jpg 1920w\" sizes=\"(max-width: 384px) 100vw, 384px\" \/><\/figure><\/div>\n\n\n<p class=\"has-text-align-center\"><em>Author: Vit\u00e9z Nob. G\u00e1bor Hegyi de Agyagfalva<\/em><\/p>\n\n\n\n<p>This year\u2019s national commemoration, in keeping with the traditions of the Hungarian Catholic community in Cologne, began in the courtyard of the parish, at the memorial cross. Representatives of the Order of Vit\u00e9z and members of the community laid a wreath and prayed together for the repose of the heroic dead of the revolution.<\/p>\n\n\n\n<p>The commemoration then continued in the Basilica of the Holy Apostles, where a festive Mass was celebrated. During the ceremony, several young people received the sacrament of confirmation.<\/p>\n\n\n\n<p>The Mass was celebrated by Auxiliary Bishop of Esztergom-Budapest G\u00e1bor Mohos and Parish Priest J\u00f3zsef Luk\u00e1cs. The liturgy was made even more solemn by the musical service of cantor Edit Mustos and baroque trumpeter Vit\u00e9z G\u00e1bor Hegyi de Agyagfalva.<\/p>\n\n\n\n<hr style=\"border-top: 1px solid gray;\">\n\n\n<div class=\"wp-block-image\">\n<figure class=\"aligncenter size-large is-resized\"><img decoding=\"async\" loading=\"lazy\" src=\"https:\/\/www.vitezi-rend.com\/wp-content\/uploads\/2025\/10\/post133_pic02-768x1024.jpg\" alt=\"\" class=\"wp-image-5644\" width=\"384\" height=\"512\" srcset=\"https:\/\/www.vitezi-rend.com\/wp-content\/uploads\/2025\/10\/post133_pic02-768x1024.jpg 768w, https:\/\/www.vitezi-rend.com\/wp-content\/uploads\/2025\/10\/post133_pic02-225x300.jpg 225w, https:\/\/www.vitezi-rend.com\/wp-content\/uploads\/2025\/10\/post133_pic02-1152x1536.jpg 1152w, https:\/\/www.vitezi-rend.com\/wp-content\/uploads\/2025\/10\/post133_pic02-1536x2048.jpg 1536w, https:\/\/www.vitezi-rend.com\/wp-content\/uploads\/2025\/10\/post133_pic02-9x12.jpg 9w, https:\/\/www.vitezi-rend.com\/wp-content\/uploads\/2025\/10\/post133_pic02-scaled.jpg 1920w\" sizes=\"(max-width: 384px) 100vw, 384px\" \/><\/figure><\/div>","protected":false},"excerpt":{"rendered":"<p>October 28, 2025 Author: Vit\u00e9z Nob. G\u00e1bor Hegyi de Agyagfalva This year\u2019s national commemoration, in keeping with the traditions of the Hungarian Catholic community in Cologne, began in the courtyard of the parish, at the memorial cross. Representatives of the Order of Vit\u00e9z and members of the community laid a wreath and prayed together for [&hellip;]<\/p>\n","protected":false},"author":2,"featured_media":0,"comment_status":"closed","ping_status":"closed","sticky":false,"template":"","format":"standard","meta":{"_genesis_hide_title":false,"_genesis_hide_breadcrumbs":false,"_genesis_hide_singular_image":false,"_genesis_hide_footer_widgets":false,"_genesis_custom_body_class":"","_genesis_custom_post_class":"","_genesis_layout":""},"categories":[43],"tags":[],"_links":{"self":[{"href":"http:\/\/www.vitezi-rend.com\/en\/wp-json\/wp\/v2\/posts\/5642"}],"collection":[{"href":"http:\/\/www.vitezi-rend.com\/en\/wp-json\/wp\/v2\/posts"}],"about":[{"href":"http:\/\/www.vitezi-rend.com\/en\/wp-json\/wp\/v2\/types\/post"}],"author":[{"embeddable":true,"href":"http:\/\/www.vitezi-rend.com\/en\/wp-json\/wp\/v2\/users\/2"}],"replies":[{"embeddable":true,"href":"http:\/\/www.vitezi-rend.com\/en\/wp-json\/wp\/v2\/comments?post=5642"}],"version-history":[{"count":2,"href":"http:\/\/www.vitezi-rend.com\/en\/wp-json\/wp\/v2\/posts\/5642\/revisions"}],"predecessor-version":[{"id":5646,"href":"http:\/\/www.vitezi-rend.com\/en\/wp-json\/wp\/v2\/posts\/5642\/revisions\/5646"}],"wp:attachment":[{"href":"http:\/\/www.vitezi-rend.com\/en\/wp-json\/wp\/v2\/media?parent=5642"}],"wp:term":[{"taxonomy":"category","embeddable":true,"href":"http:\/\/www.vitezi-rend.com\/en\/wp-json\/wp\/v2\/categories?post=5642"},{"taxonomy":"post_tag","embeddable":true,"href":"http:\/\/www.vitezi-rend.com\/en\/wp-json\/wp\/v2\/tags?post=5642"}],"curies":[{"name":"wp","href":"https:\/\/api.w.org\/{rel}","templated":true}]}}