{"id":4995,"date":"2025-02-12T17:13:00","date_gmt":"2025-02-12T16:13:00","guid":{"rendered":"https:\/\/www.vitezi-rend.com\/?p=4995"},"modified":"2025-02-12T17:16:49","modified_gmt":"2025-02-12T16:16:49","slug":"visit-to-aachen","status":"publish","type":"post","link":"http:\/\/www.vitezi-rend.com\/hu\/visit-to-aachen\/","title":{"rendered":"L\u00e1togat\u00e1s Aachenben"},"content":{"rendered":"<p class=\"has-text-align-center\"><strong>2025. febru\u00e1r 12.<\/strong><\/p>\n\n\n<div class=\"wp-block-image\">\n<figure class=\"aligncenter size-large is-resized\"><img decoding=\"async\" loading=\"lazy\" src=\"https:\/\/www.vitezi-rend.com\/wp-content\/uploads\/2025\/02\/post105_pic01-768x1024.jpg\" alt=\"\" class=\"wp-image-4996\" width=\"384\" height=\"512\" srcset=\"https:\/\/www.vitezi-rend.com\/wp-content\/uploads\/2025\/02\/post105_pic01-768x1024.jpg 768w, https:\/\/www.vitezi-rend.com\/wp-content\/uploads\/2025\/02\/post105_pic01-225x300.jpg 225w, https:\/\/www.vitezi-rend.com\/wp-content\/uploads\/2025\/02\/post105_pic01-1152x1536.jpg 1152w, https:\/\/www.vitezi-rend.com\/wp-content\/uploads\/2025\/02\/post105_pic01-9x12.jpg 9w, https:\/\/www.vitezi-rend.com\/wp-content\/uploads\/2025\/02\/post105_pic01.jpg 1500w\" sizes=\"(max-width: 384px) 100vw, 384px\" \/><\/figure><\/div>\n\n\n<p class=\"has-text-align-center\"><em>Szerz\u0151: vit\u00e9z nemes agyagfalvi Hegyi G\u00e1bor<\/em><\/p>\n\n\n\n<p>Az Aacheni D\u00f3mban tett l\u00e1togat\u00e1st 2025. febru\u00e1r 8-\u00e1n vit\u00e9z Hegyi G\u00e1bor t\u00f6rzskapit\u00e1ny, ahol a Vit\u00e9zi Rend nev\u00e9ben koszor\u00fat helyezett el a magyar k\u00e1poln\u00e1ban.<\/p>\n\n\n\n<p>A k\u00e1polna 1367-ben k\u00e9sz\u00fclt el g\u00f3tikus st\u00edlusban Nagy Lajos adom\u00e1nyak\u00e9nt, ami m\u00e1r t\u00f6bb, mint 600 \u00e9ve fogadja a magyar zar\u00e1ndokokat. M\u00e1ria Ter\u00e9zia kir\u00e1lyn\u0151 teljesen fel\u00faj\u00edtotta 1764-ben. A f\u00fclk\u00e9j\u00e9ben n\u00e9gy magyar szent eg\u00e9sz alakos szobra \u00e1ll, \u00e9s a jobb oldali bels\u0151 falon egy fekete m\u00e1rv\u00e1nyt\u00e1bl\u00e1n magyar kir\u00e1lyok \u00e9s fejedelmek latin n\u00e9vsora tal\u00e1lhat\u00f3.<\/p>\n\n\n\n<hr style=\"border-top: 1px solid gray;\">\n\n\n<div class=\"wp-block-image\">\n<figure class=\"aligncenter size-large is-resized\"><img decoding=\"async\" loading=\"lazy\" src=\"https:\/\/www.vitezi-rend.com\/wp-content\/uploads\/2025\/02\/post105_pic02-768x1024.jpg\" alt=\"\" class=\"wp-image-4997\" width=\"384\" height=\"512\" srcset=\"https:\/\/www.vitezi-rend.com\/wp-content\/uploads\/2025\/02\/post105_pic02-768x1024.jpg 768w, https:\/\/www.vitezi-rend.com\/wp-content\/uploads\/2025\/02\/post105_pic02-225x300.jpg 225w, https:\/\/www.vitezi-rend.com\/wp-content\/uploads\/2025\/02\/post105_pic02-1152x1536.jpg 1152w, https:\/\/www.vitezi-rend.com\/wp-content\/uploads\/2025\/02\/post105_pic02-1536x2048.jpg 1536w, https:\/\/www.vitezi-rend.com\/wp-content\/uploads\/2025\/02\/post105_pic02-9x12.jpg 9w, https:\/\/www.vitezi-rend.com\/wp-content\/uploads\/2025\/02\/post105_pic02-scaled.jpg 1920w\" sizes=\"(max-width: 384px) 100vw, 384px\" \/><\/figure><\/div>\n\n<div class=\"wp-block-image\">\n<figure class=\"aligncenter size-large is-resized\"><img decoding=\"async\" loading=\"lazy\" src=\"https:\/\/www.vitezi-rend.com\/wp-content\/uploads\/2025\/02\/post105_pic03-768x1024.jpg\" alt=\"\" class=\"wp-image-4998\" width=\"384\" height=\"512\" srcset=\"https:\/\/www.vitezi-rend.com\/wp-content\/uploads\/2025\/02\/post105_pic03-768x1024.jpg 768w, https:\/\/www.vitezi-rend.com\/wp-content\/uploads\/2025\/02\/post105_pic03-225x300.jpg 225w, https:\/\/www.vitezi-rend.com\/wp-content\/uploads\/2025\/02\/post105_pic03-1152x1536.jpg 1152w, https:\/\/www.vitezi-rend.com\/wp-content\/uploads\/2025\/02\/post105_pic03-1536x2048.jpg 1536w, https:\/\/www.vitezi-rend.com\/wp-content\/uploads\/2025\/02\/post105_pic03-9x12.jpg 9w, https:\/\/www.vitezi-rend.com\/wp-content\/uploads\/2025\/02\/post105_pic03-scaled.jpg 1920w\" sizes=\"(max-width: 384px) 100vw, 384px\" \/><\/figure><\/div>\n\n<div class=\"wp-block-image\">\n<figure class=\"aligncenter size-large is-resized\"><img decoding=\"async\" loading=\"lazy\" src=\"https:\/\/www.vitezi-rend.com\/wp-content\/uploads\/2025\/02\/post105_pic04-768x1024.jpg\" alt=\"\" class=\"wp-image-4999\" width=\"384\" height=\"512\" srcset=\"https:\/\/www.vitezi-rend.com\/wp-content\/uploads\/2025\/02\/post105_pic04-768x1024.jpg 768w, https:\/\/www.vitezi-rend.com\/wp-content\/uploads\/2025\/02\/post105_pic04-225x300.jpg 225w, https:\/\/www.vitezi-rend.com\/wp-content\/uploads\/2025\/02\/post105_pic04-1152x1536.jpg 1152w, https:\/\/www.vitezi-rend.com\/wp-content\/uploads\/2025\/02\/post105_pic04-1536x2048.jpg 1536w, https:\/\/www.vitezi-rend.com\/wp-content\/uploads\/2025\/02\/post105_pic04-9x12.jpg 9w, https:\/\/www.vitezi-rend.com\/wp-content\/uploads\/2025\/02\/post105_pic04-scaled.jpg 1920w\" sizes=\"(max-width: 384px) 100vw, 384px\" \/><\/figure><\/div>\n\n<div class=\"wp-block-image\">\n<figure class=\"aligncenter size-large is-resized\"><img decoding=\"async\" loading=\"lazy\" src=\"https:\/\/www.vitezi-rend.com\/wp-content\/uploads\/2025\/02\/post105_pic05-768x1024.jpg\" alt=\"\" class=\"wp-image-5000\" width=\"384\" height=\"512\" srcset=\"https:\/\/www.vitezi-rend.com\/wp-content\/uploads\/2025\/02\/post105_pic05-768x1024.jpg 768w, https:\/\/www.vitezi-rend.com\/wp-content\/uploads\/2025\/02\/post105_pic05-225x300.jpg 225w, https:\/\/www.vitezi-rend.com\/wp-content\/uploads\/2025\/02\/post105_pic05-1152x1536.jpg 1152w, https:\/\/www.vitezi-rend.com\/wp-content\/uploads\/2025\/02\/post105_pic05-1536x2048.jpg 1536w, https:\/\/www.vitezi-rend.com\/wp-content\/uploads\/2025\/02\/post105_pic05-9x12.jpg 9w, https:\/\/www.vitezi-rend.com\/wp-content\/uploads\/2025\/02\/post105_pic05-scaled.jpg 1920w\" sizes=\"(max-width: 384px) 100vw, 384px\" \/><\/figure><\/div>","protected":false},"excerpt":{"rendered":"<p>Az Aacheni D\u00f3mban tett l\u00e1togat\u00e1st 2025. febru\u00e1r 8-\u00e1n vit\u00e9z Hegyi G\u00e1bor t\u00f6rzskapit\u00e1ny, ahol a Vit\u00e9zi Rend nev\u00e9ben koszor\u00fat helyezett el a magyar k\u00e1poln\u00e1ban.<\/p>","protected":false},"author":2,"featured_media":0,"comment_status":"closed","ping_status":"closed","sticky":false,"template":"","format":"standard","meta":{"_genesis_hide_title":false,"_genesis_hide_breadcrumbs":false,"_genesis_hide_singular_image":false,"_genesis_hide_footer_widgets":false,"_genesis_custom_body_class":"","_genesis_custom_post_class":"","_genesis_layout":""},"categories":[43],"tags":[],"_links":{"self":[{"href":"http:\/\/www.vitezi-rend.com\/hu\/wp-json\/wp\/v2\/posts\/4995"}],"collection":[{"href":"http:\/\/www.vitezi-rend.com\/hu\/wp-json\/wp\/v2\/posts"}],"about":[{"href":"http:\/\/www.vitezi-rend.com\/hu\/wp-json\/wp\/v2\/types\/post"}],"author":[{"embeddable":true,"href":"http:\/\/www.vitezi-rend.com\/hu\/wp-json\/wp\/v2\/users\/2"}],"replies":[{"embeddable":true,"href":"http:\/\/www.vitezi-rend.com\/hu\/wp-json\/wp\/v2\/comments?post=4995"}],"version-history":[{"count":2,"href":"http:\/\/www.vitezi-rend.com\/hu\/wp-json\/wp\/v2\/posts\/4995\/revisions"}],"predecessor-version":[{"id":5002,"href":"http:\/\/www.vitezi-rend.com\/hu\/wp-json\/wp\/v2\/posts\/4995\/revisions\/5002"}],"wp:attachment":[{"href":"http:\/\/www.vitezi-rend.com\/hu\/wp-json\/wp\/v2\/media?parent=4995"}],"wp:term":[{"taxonomy":"category","embeddable":true,"href":"http:\/\/www.vitezi-rend.com\/hu\/wp-json\/wp\/v2\/categories?post=4995"},{"taxonomy":"post_tag","embeddable":true,"href":"http:\/\/www.vitezi-rend.com\/hu\/wp-json\/wp\/v2\/tags?post=4995"}],"curies":[{"name":"wp","href":"https:\/\/api.w.org\/{rel}","templated":true}]}}