{"id":3232,"date":"2022-10-27T16:05:00","date_gmt":"2022-10-27T15:05:00","guid":{"rendered":"https:\/\/www.vitezi-rend.com\/?p=3232"},"modified":"2022-11-09T21:16:18","modified_gmt":"2022-11-09T20:16:18","slug":"the-oldest-vitez-in-the-world-honoured-in-melbourne","status":"publish","type":"post","link":"https:\/\/www.vitezi-rend.com\/en\/the-oldest-vitez-in-the-world-honoured-in-melbourne\/","title":{"rendered":"The oldest vit\u00e9z in the world honoured in Melbourne"},"content":{"rendered":"\n<p class=\"has-text-align-center\"><strong>October 27, 2022<\/strong><\/p>\n\n\n\n<div class=\"wp-block-image\"><figure class=\"aligncenter size-large is-resized\"><img decoding=\"async\" loading=\"lazy\" src=\"https:\/\/www.vitezi-rend.com\/wp-content\/uploads\/2022\/10\/post41_pic01-768x1024.jpg\" alt=\"\" class=\"wp-image-3233\" width=\"384\" height=\"512\" srcset=\"https:\/\/www.vitezi-rend.com\/wp-content\/uploads\/2022\/10\/post41_pic01-768x1024.jpg 768w, https:\/\/www.vitezi-rend.com\/wp-content\/uploads\/2022\/10\/post41_pic01-225x300.jpg 225w, https:\/\/www.vitezi-rend.com\/wp-content\/uploads\/2022\/10\/post41_pic01-1152x1536.jpg 1152w, https:\/\/www.vitezi-rend.com\/wp-content\/uploads\/2022\/10\/post41_pic01-1536x2048.jpg 1536w, https:\/\/www.vitezi-rend.com\/wp-content\/uploads\/2022\/10\/post41_pic01-9x12.jpg 9w, https:\/\/www.vitezi-rend.com\/wp-content\/uploads\/2022\/10\/post41_pic01-scaled.jpg 1920w\" sizes=\"(max-width: 384px) 100vw, 384px\" \/><\/figure><\/div>\n\n\n\n<p>Csenger-Zal\u00e1n Zsolt the new Hungarian Ambassador to Australia flew down from Canberra to Melbourne to help the local Hungarian community commemorate the Hungarian Uprising of October 23, 1956. He combined this with a visit to the \u00c1rp\u00e1d Home for Elderly Hungarians on Saturday October 22. He was given a tour of the building and then had an opportunity to meet some of the elderly residents. After addressing them in a brief speech, the Ambassador presented vit\u00e9z Fazakas S\u00e1ndor with the Arany Jubileumi \u00c9rdemkereszt from the Order of Vit\u00e9z together with a certificate recognising his merits. Vit\u00e9z Fazakas S\u00e1ndor, overcome with emotion, thanked the Order of Vit\u00e9z, the Ambassador and those present for making his day so memorable.<\/p>\n\n\n\n<p>This was a truly historic occasion as S\u00e1ndor b\u00e1csi will be 104 years old on November 28, 2022. He is the oldest living vit\u00e9z in the world today and is also the only member of the Order of Vit\u00e9z still living who received his award from the Regent of Hungary and Captain General of the Order of Vit\u00e9z, vit\u00e9z nagyb\u00e1nyai Horthy Mikl\u00f3s himself, in a ceremony in Budapest during the war time years.<\/p>\n\n\n\n<p>After the presentation ceremony at the \u00c1rp\u00e1d home, some of the residents who are members of the Order along with his son and granddaughter joined vit\u00e9z Fazakas S\u00e1ndor for a celebratory champagne. Present were vit\u00e9z K\u00f6vesdy \u00c1mon Lilla, \u00f6zv. vit\u00e9z K\u00f6vesdy Dezs\u0151n\u00e9, Sarolta, vit\u00e9z Fazakas S\u00e1ndor junior, vit\u00e9z Fazakas Caroline and Teleky Ilonka.<\/p>\n\n\n\n<hr style=\"border-top: 1px solid gray;\">\n\n\n\n<div class=\"wp-block-image\"><figure class=\"aligncenter size-large is-resized\"><img decoding=\"async\" loading=\"lazy\" src=\"https:\/\/www.vitezi-rend.com\/wp-content\/uploads\/2022\/10\/post41_pic02-768x1024.jpg\" alt=\"\" class=\"wp-image-3234\" width=\"384\" height=\"512\" srcset=\"https:\/\/www.vitezi-rend.com\/wp-content\/uploads\/2022\/10\/post41_pic02-768x1024.jpg 768w, https:\/\/www.vitezi-rend.com\/wp-content\/uploads\/2022\/10\/post41_pic02-225x300.jpg 225w, https:\/\/www.vitezi-rend.com\/wp-content\/uploads\/2022\/10\/post41_pic02-1152x1536.jpg 1152w, https:\/\/www.vitezi-rend.com\/wp-content\/uploads\/2022\/10\/post41_pic02-1536x2048.jpg 1536w, https:\/\/www.vitezi-rend.com\/wp-content\/uploads\/2022\/10\/post41_pic02-9x12.jpg 9w, https:\/\/www.vitezi-rend.com\/wp-content\/uploads\/2022\/10\/post41_pic02-scaled.jpg 1920w\" sizes=\"(max-width: 384px) 100vw, 384px\" \/><\/figure><\/div>\n\n\n\n<p><\/p>\n","protected":false},"excerpt":{"rendered":"<p>October 27, 2022 Csenger-Zal\u00e1n Zsolt the new Hungarian Ambassador to Australia flew down from Canberra to Melbourne to help the local Hungarian community commemorate the Hungarian Uprising of October 23, 1956. He combined this with a visit to the \u00c1rp\u00e1d Home for Elderly Hungarians on Saturday October 22. He was given a tour of the [&hellip;]<\/p>\n","protected":false},"author":1,"featured_media":0,"comment_status":"closed","ping_status":"closed","sticky":false,"template":"","format":"standard","meta":{"_genesis_hide_title":false,"_genesis_hide_breadcrumbs":false,"_genesis_hide_singular_image":false,"_genesis_hide_footer_widgets":false,"_genesis_custom_body_class":"","_genesis_custom_post_class":"","_genesis_layout":""},"categories":[43],"tags":[],"_links":{"self":[{"href":"https:\/\/www.vitezi-rend.com\/en\/wp-json\/wp\/v2\/posts\/3232"}],"collection":[{"href":"https:\/\/www.vitezi-rend.com\/en\/wp-json\/wp\/v2\/posts"}],"about":[{"href":"https:\/\/www.vitezi-rend.com\/en\/wp-json\/wp\/v2\/types\/post"}],"author":[{"embeddable":true,"href":"https:\/\/www.vitezi-rend.com\/en\/wp-json\/wp\/v2\/users\/1"}],"replies":[{"embeddable":true,"href":"https:\/\/www.vitezi-rend.com\/en\/wp-json\/wp\/v2\/comments?post=3232"}],"version-history":[{"count":4,"href":"https:\/\/www.vitezi-rend.com\/en\/wp-json\/wp\/v2\/posts\/3232\/revisions"}],"predecessor-version":[{"id":3244,"href":"https:\/\/www.vitezi-rend.com\/en\/wp-json\/wp\/v2\/posts\/3232\/revisions\/3244"}],"wp:attachment":[{"href":"https:\/\/www.vitezi-rend.com\/en\/wp-json\/wp\/v2\/media?parent=3232"}],"wp:term":[{"taxonomy":"category","embeddable":true,"href":"https:\/\/www.vitezi-rend.com\/en\/wp-json\/wp\/v2\/categories?post=3232"},{"taxonomy":"post_tag","embeddable":true,"href":"https:\/\/www.vitezi-rend.com\/en\/wp-json\/wp\/v2\/tags?post=3232"}],"curies":[{"name":"wp","href":"https:\/\/api.w.org\/{rel}","templated":true}]}}