{"id":4158,"date":"2023-08-03T15:24:08","date_gmt":"2023-08-03T14:24:08","guid":{"rendered":"https:\/\/www.vitezi-rend.com\/?p=4158"},"modified":"2023-08-21T12:21:28","modified_gmt":"2023-08-21T11:21:28","slug":"invitation-to-statue-inauguration","status":"publish","type":"post","link":"https:\/\/www.vitezi-rend.com\/en\/invitation-to-statue-inauguration\/","title":{"rendered":"Invitation to statue inauguration"},"content":{"rendered":"\n<p class=\"has-text-align-center\"><strong>August 03, 2023<\/strong><\/p>\n\n\n<div class=\"wp-block-image\">\n<figure class=\"aligncenter size-large is-resized\"><img decoding=\"async\" loading=\"lazy\" src=\"https:\/\/www.vitezi-rend.com\/wp-content\/uploads\/2023\/08\/post73_pic01-753x1024.jpg\" alt=\"\" class=\"wp-image-4159\" width=\"565\" height=\"768\" srcset=\"https:\/\/www.vitezi-rend.com\/wp-content\/uploads\/2023\/08\/post73_pic01-753x1024.jpg 753w, https:\/\/www.vitezi-rend.com\/wp-content\/uploads\/2023\/08\/post73_pic01-221x300.jpg 221w, https:\/\/www.vitezi-rend.com\/wp-content\/uploads\/2023\/08\/post73_pic01-768x1044.jpg 768w, https:\/\/www.vitezi-rend.com\/wp-content\/uploads\/2023\/08\/post73_pic01-9x12.jpg 9w, https:\/\/www.vitezi-rend.com\/wp-content\/uploads\/2023\/08\/post73_pic01.jpg 829w\" sizes=\"(max-width: 565px) 100vw, 565px\" \/><\/figure><\/div>\n\n\n<p>The V\u00e9rtesalja Gyermekei Bar\u00e1ti T\u00e1rsas\u00e1g cordially invites you to Cs\u00f3kak\u0151 to the inauguration ceremony of Vit\u00e9z Istv\u00e1n Horthy de Nagyb\u00e1nya, on August 19, 2023, at 5 p.m. Location: 8074 Cs\u00f3kak\u0151, Nagy-Magyarorsz\u00e1g t\u00e9r.<\/p>\n\n\n\n<p>Updated:<\/p>\n\n\n\n<p>An article was published in the Magyar Nemzet by the Historian Seat Captain, Vit\u00e9z Nob. Attila B\u00e1n\u00f3.<\/p>\n\n\n\n<p><a href=\"https:\/\/magyarnemzet.hu\/belfold\/2023\/08\/horthy-istvan-szobrot-avatak-csokakon\">https:\/\/magyarnemzet.hu\/belfold\/2023\/08\/horthy-istvan-szobrot-avatak-csokakon<\/a><\/p>\n","protected":false},"excerpt":{"rendered":"<p>August 03, 2023 The V\u00e9rtesalja Gyermekei Bar\u00e1ti T\u00e1rsas\u00e1g cordially invites you to Cs\u00f3kak\u0151 to the inauguration ceremony of Vit\u00e9z Istv\u00e1n Horthy de Nagyb\u00e1nya, on August 19, 2023, at 5 p.m. Location: 8074 Cs\u00f3kak\u0151, Nagy-Magyarorsz\u00e1g t\u00e9r. Updated: An article was published in the Magyar Nemzet by the Historian Seat Captain, Vit\u00e9z Nob. Attila B\u00e1n\u00f3. https:\/\/magyarnemzet.hu\/belfold\/2023\/08\/horthy-istvan-szobrot-avatak-csokakon<\/p>\n","protected":false},"author":1,"featured_media":0,"comment_status":"closed","ping_status":"closed","sticky":false,"template":"","format":"standard","meta":{"_genesis_hide_title":false,"_genesis_hide_breadcrumbs":false,"_genesis_hide_singular_image":false,"_genesis_hide_footer_widgets":false,"_genesis_custom_body_class":"","_genesis_custom_post_class":"","_genesis_layout":""},"categories":[43],"tags":[],"_links":{"self":[{"href":"https:\/\/www.vitezi-rend.com\/en\/wp-json\/wp\/v2\/posts\/4158"}],"collection":[{"href":"https:\/\/www.vitezi-rend.com\/en\/wp-json\/wp\/v2\/posts"}],"about":[{"href":"https:\/\/www.vitezi-rend.com\/en\/wp-json\/wp\/v2\/types\/post"}],"author":[{"embeddable":true,"href":"https:\/\/www.vitezi-rend.com\/en\/wp-json\/wp\/v2\/users\/1"}],"replies":[{"embeddable":true,"href":"https:\/\/www.vitezi-rend.com\/en\/wp-json\/wp\/v2\/comments?post=4158"}],"version-history":[{"count":3,"href":"https:\/\/www.vitezi-rend.com\/en\/wp-json\/wp\/v2\/posts\/4158\/revisions"}],"predecessor-version":[{"id":4177,"href":"https:\/\/www.vitezi-rend.com\/en\/wp-json\/wp\/v2\/posts\/4158\/revisions\/4177"}],"wp:attachment":[{"href":"https:\/\/www.vitezi-rend.com\/en\/wp-json\/wp\/v2\/media?parent=4158"}],"wp:term":[{"taxonomy":"category","embeddable":true,"href":"https:\/\/www.vitezi-rend.com\/en\/wp-json\/wp\/v2\/categories?post=4158"},{"taxonomy":"post_tag","embeddable":true,"href":"https:\/\/www.vitezi-rend.com\/en\/wp-json\/wp\/v2\/tags?post=4158"}],"curies":[{"name":"wp","href":"https:\/\/api.w.org\/{rel}","templated":true}]}}