{"id":4158,"date":"2023-08-03T15:24:08","date_gmt":"2023-08-03T14:24:08","guid":{"rendered":"https:\/\/www.vitezi-rend.com\/?p=4158"},"modified":"2023-08-21T12:21:28","modified_gmt":"2023-08-21T11:21:28","slug":"invitation-to-statue-inauguration","status":"publish","type":"post","link":"https:\/\/www.vitezi-rend.com\/hu\/invitation-to-statue-inauguration\/","title":{"rendered":"Megh\u00edv\u00f3 szoboravat\u00e1sra"},"content":{"rendered":"<p class=\"has-text-align-center\"><strong>2023. augusztus 03.<\/strong><\/p>\n\n\n<div class=\"wp-block-image\">\n<figure class=\"aligncenter size-large is-resized\"><img decoding=\"async\" loading=\"lazy\" src=\"https:\/\/www.vitezi-rend.com\/wp-content\/uploads\/2023\/08\/post73_pic01-753x1024.jpg\" alt=\"\" class=\"wp-image-4159\" width=\"565\" height=\"768\" srcset=\"https:\/\/www.vitezi-rend.com\/wp-content\/uploads\/2023\/08\/post73_pic01-753x1024.jpg 753w, https:\/\/www.vitezi-rend.com\/wp-content\/uploads\/2023\/08\/post73_pic01-221x300.jpg 221w, https:\/\/www.vitezi-rend.com\/wp-content\/uploads\/2023\/08\/post73_pic01-768x1044.jpg 768w, https:\/\/www.vitezi-rend.com\/wp-content\/uploads\/2023\/08\/post73_pic01-9x12.jpg 9w, https:\/\/www.vitezi-rend.com\/wp-content\/uploads\/2023\/08\/post73_pic01.jpg 829w\" sizes=\"(max-width: 565px) 100vw, 565px\" \/><\/figure><\/div>\n\n\n<p>A V\u00e9rtesalja Gyermekei Bar\u00e1ti T\u00e1rsas\u00e1g szeretettel h\u00edv \u00e9s v\u00e1r Cs\u00f3kak\u0151n, vit\u00e9z nagyb\u00e1nyai Horthy Istv\u00e1n mellszobr\u00e1nak avat\u00f3\u00fcnneps\u00e9g\u00e9re, 2023. augusztus 19-\u00e9n, 17 \u00f3rakor. Helysz\u00edn: 8074 Cs\u00f3kak\u0151, Nagy-Magyarorsz\u00e1g t\u00e9r.<\/p>\n\n\n\n<p>Friss\u00edtve:<\/p>\n\n\n\n<p>Vit\u00e9z nemes B\u00e1n\u00f3 Attila historikus sz\u00e9kkapit\u00e1ny toll\u00e1b\u00f3l cikk jelent meg a Magyar Nemzetben.<\/p>\n\n\n\n<p><a href=\"https:\/\/magyarnemzet.hu\/belfold\/2023\/08\/horthy-istvan-szobrot-avatak-csokakon\">https:\/\/magyarnemzet.hu\/belfold\/2023\/08\/horthy-istvan-szobrot-avatak-csokakon<\/a><\/p>","protected":false},"excerpt":{"rendered":"<p>A V\u00e9rtesalja Gyermekei Bar\u00e1ti T\u00e1rsas\u00e1g szeretettel h\u00edv \u00e9s v\u00e1r Cs\u00f3kak\u0151n, vit\u00e9z nagyb\u00e1nyai Horthy Istv\u00e1n mellszobr\u00e1nak avat\u00f3\u00fcnneps\u00e9g\u00e9re, 2023. augusztus 19-\u00e9n, 17 \u00f3rakor. Helysz\u00edn: 8074 Cs\u00f3kak\u0151, Nagy-Magyarorsz\u00e1g t\u00e9r.<\/p>","protected":false},"author":1,"featured_media":0,"comment_status":"closed","ping_status":"closed","sticky":false,"template":"","format":"standard","meta":{"_genesis_hide_title":false,"_genesis_hide_breadcrumbs":false,"_genesis_hide_singular_image":false,"_genesis_hide_footer_widgets":false,"_genesis_custom_body_class":"","_genesis_custom_post_class":"","_genesis_layout":""},"categories":[43],"tags":[],"_links":{"self":[{"href":"https:\/\/www.vitezi-rend.com\/hu\/wp-json\/wp\/v2\/posts\/4158"}],"collection":[{"href":"https:\/\/www.vitezi-rend.com\/hu\/wp-json\/wp\/v2\/posts"}],"about":[{"href":"https:\/\/www.vitezi-rend.com\/hu\/wp-json\/wp\/v2\/types\/post"}],"author":[{"embeddable":true,"href":"https:\/\/www.vitezi-rend.com\/hu\/wp-json\/wp\/v2\/users\/1"}],"replies":[{"embeddable":true,"href":"https:\/\/www.vitezi-rend.com\/hu\/wp-json\/wp\/v2\/comments?post=4158"}],"version-history":[{"count":3,"href":"https:\/\/www.vitezi-rend.com\/hu\/wp-json\/wp\/v2\/posts\/4158\/revisions"}],"predecessor-version":[{"id":4177,"href":"https:\/\/www.vitezi-rend.com\/hu\/wp-json\/wp\/v2\/posts\/4158\/revisions\/4177"}],"wp:attachment":[{"href":"https:\/\/www.vitezi-rend.com\/hu\/wp-json\/wp\/v2\/media?parent=4158"}],"wp:term":[{"taxonomy":"category","embeddable":true,"href":"https:\/\/www.vitezi-rend.com\/hu\/wp-json\/wp\/v2\/categories?post=4158"},{"taxonomy":"post_tag","embeddable":true,"href":"https:\/\/www.vitezi-rend.com\/hu\/wp-json\/wp\/v2\/tags?post=4158"}],"curies":[{"name":"wp","href":"https:\/\/api.w.org\/{rel}","templated":true}]}}