{"id":4458,"date":"2023-12-19T14:20:07","date_gmt":"2023-12-19T13:20:07","guid":{"rendered":"https:\/\/www.vitezi-rend.com\/?p=4458"},"modified":"2023-12-20T17:30:25","modified_gmt":"2023-12-20T16:30:25","slug":"christmas-greetings","status":"publish","type":"post","link":"https:\/\/www.vitezi-rend.com\/hu\/christmas-greetings\/","title":{"rendered":"Kar\u00e1csonyi \u00fcdv\u00f6zlet"},"content":{"rendered":"<p class=\"has-text-align-center\"><strong>2023. december 19.<\/strong><\/p>\n\n\n<div class=\"wp-block-image\">\n<figure class=\"aligncenter size-large is-resized\"><img decoding=\"async\" loading=\"lazy\" src=\"https:\/\/www.vitezi-rend.com\/wp-content\/uploads\/2023\/12\/kepeslap-799x1024.jpg\" alt=\"\" class=\"wp-image-4461\" width=\"599\" height=\"768\" srcset=\"https:\/\/www.vitezi-rend.com\/wp-content\/uploads\/2023\/12\/kepeslap-799x1024.jpg 799w, https:\/\/www.vitezi-rend.com\/wp-content\/uploads\/2023\/12\/kepeslap-234x300.jpg 234w, https:\/\/www.vitezi-rend.com\/wp-content\/uploads\/2023\/12\/kepeslap-768x985.jpg 768w, https:\/\/www.vitezi-rend.com\/wp-content\/uploads\/2023\/12\/kepeslap-1198x1536.jpg 1198w, https:\/\/www.vitezi-rend.com\/wp-content\/uploads\/2023\/12\/kepeslap-9x12.jpg 9w, https:\/\/www.vitezi-rend.com\/wp-content\/uploads\/2023\/12\/kepeslap.jpg 1597w\" sizes=\"(max-width: 599px) 100vw, 599px\" \/><\/figure><\/div>\n\n\n<p>F\u0151kapit\u00e1ny \u00far, a Vit\u00e9zi Sz\u00e9k \u00e9s a Vit\u00e9zi Rend Tisztikara \u00c1ldott Adventet, a Kar\u00e1csony Miszt\u00e9rium\u00e1nak Kegyelm\u00e9t \u00e9s Boldog \u00daj Esztend\u0151t k\u00edv\u00e1n Spiritu\u00e1lis T\u00f6rzskapit\u00e1ny \u00far soraival minden rendt\u00e1rsunknak \u00e9s bar\u00e1tunknak!<\/p>\n\n\n\n<p>Dr. Vejkey Imre, a legitim Vit\u00e9zi Rend spiritu\u00e1lis t\u00f6rzskapit\u00e1nya kar\u00e1csonyi \u00fcdv\u00f6zlet\u00e9t k\u00fcldi az al\u00e1bbi lev\u00e9l form\u00e1j\u00e1ban:<\/p>\n\n\n\n<p><strong>Nagyrabecs\u00fclt Nemzetes H\u00f6lgyek \u00e9s Urak!<\/strong><\/p>\n\n\n\n<p>Kegyelmekben gazdag, \u00c1ldott Kar\u00e1csonyt k\u00edv\u00e1nok!<\/p>\n\n\n\n<p>K\u00edv\u00e1nom, hogy a mi Urunk J\u00e9zus Krisztus gy\u00fajtsa l\u00e1ngra sz\u00edv\u00fcnket, \u00edgy 2023. Adventj\u00e9n, az \u00f6r\u00f6mteli v\u00e1rakoz\u00e1s rem\u00e9ny\u00e9vel!<\/p>\n\n\n\n<p>Adja az \u00dar, hogy mik\u00f6zben kar\u00e1csonyi d\u00edszekkel d\u00edsz\u00edtj\u00fck fel a lak\u00e1sunk, k\u00f6zben d\u00edsz\u00edts\u00fck fel a sz\u00edv\u00fcnket is! D\u00edsz\u00edts\u00fck fel az \u0150 \u00e9rkez\u00e9s\u00e9re!<\/p>\n\n\n\n<p>Adja az \u00dar, hogy sz\u00e1munkra az \u00fcnnep, ne a felel\u0151ss\u00e9gb\u0151l a felel\u0151tlens\u00e9gbe val\u00f3 menek\u00fcl\u00e9st jelentse, hanem a nagybet\u0171s \u00dcNNEP legyen, a h\u00e1laad\u00e1s \u00e9s a megszentel\u0151d\u00e9s napja legyen!<\/p>\n\n\n\n<p>Ne feledj\u00e9tek az \u00dcnnep, \u00edgy az adventi gyertyagy\u00fajt\u00e1s is, azt k\u00edn\u00e1lja nek\u00fcnk, hogy \u00e9let\u00fcnk eg\u00e9sze visszatal\u00e1ljon a f\u00e9nyhez, visszatal\u00e1ljon a vil\u00e1goss\u00e1ghoz!<\/p>\n\n\n\n<p>Ne feledj\u00e9tek, lelk\u00fcnk ablaknyit\u00e1sa felfel\u00e9 a kulcs! A kulcs ahhoz, hogy az \u0150 aj\u00e1nd\u00e9kait \u00e1t tudjuk venni!<\/p>\n\n\n\n<p>Ne feledj\u00e9tek, hogy az \u00fcnnep k\u00f6z\u00e9ppontj\u00e1ban az \u00fcnnepeltnek kell \u00e1llnia, Kar\u00e1csonykor J\u00e9zus Krisztusnak!<\/p>\n\n\n\n<p>\u00c9s v\u00e9g\u00fcl, ne feledj\u00e9tek azt sem, hogy nem a materi\u00e1lis aj\u00e1nd\u00e9koz\u00e1s\u00e9 a f\u0151szerep, hanem a lelki aj\u00e1nd\u00e9koz\u00e1s\u00e9, az Aty\u00e1t\u00f3l k\u00f6zvetlen\u00fcl kapott aj\u00e1nd\u00e9kunk pedig a Kisj\u00e9zus, \u0150 \u00e1ltala pedig Isten szeretete! Ez\u00e9rt Kar\u00e1csony, az Isteni szeretet \u00fcnnepe!<\/p>\n\n\n\n<p>\u00d6rvendezz\u00fcnk, hogy ez az \u00fcnnep k\u00f6zeleg!<\/p>\n\n\n\n<p>\u00d6rvendez\u00fcnk, \u00e9s legy\u00fcnk h\u00e1l\u00e1sak \u00e9rte!<\/p>\n\n\n\n<p>\u00d6rvendezz\u00fcnk, Vele keresve a k\u00f6z\u00f6ss\u00e9get, mert akkor egym\u00e1snak is jobban tudunk \u00f6r\u00fclni, mert akkor egym\u00e1ssal is m\u00e9lyebb k\u00f6z\u00f6ss\u00e9gre tudunk l\u00e9pni!<\/p>\n\n\n\n<p>V\u00e9g\u00fcl engedj\u00e9tek meg, hogy az idei Adventre \u00edrt versemmel k\u00edv\u00e1njak \u00c1ldott Kar\u00e1csonyt!<\/p>\n\n\n\n<hr style=\"border-top: 1px solid gray;\">\n\n\n\n<p class=\"has-text-align-center\"><strong>20-ADVENT-23<br>A TE tan\u00fad Uram<\/strong><\/p>\n\n\n\n<p class=\"has-text-align-center\">Angyali \u00e9nek a reggeli \u00e9jben,<br>S az Advent f\u00e9ny\u00e9t m\u00e1r vonzza az \u00e9nem,<br>Sz\u00edvem sz\u00f3zat\u00e1t is \u00e9rzem:<br>Tan\u00fad vagyok Uram!<\/p>\n\n\n\n<p class=\"has-text-align-center\">Tan\u00fad, hogy volt egy \u00e9j,<br>Tan\u00fad, hogy nem volt sz\u00e1ll\u00e1s, de volt keny\u00e9r,<br>Tan\u00fad, hogy volt a \u201eKeny\u00e9r H\u00e1za\u201d,<br>Tan\u00fad, hogy TE bel\u00e9pt\u00e9l a nagyvil\u00e1gba!<\/p>\n\n\n\n<p class=\"has-text-align-center\">Tan\u00fad, hogy megjelent a csillag,<br>Tan\u00fad, hogy TE e f\u00e9nyn\u00e9l is biztat\u00f3bb vagy,<br>Tan\u00fad, hogy mindez nem mese,<br>Tan\u00fad, hogy TE vagy az \u0150 szeretete!<\/p>\n\n\n\n<p class=\"has-text-align-center\">Tan\u00fad, hogy a mindens\u00e9g a Ti\u00e9d,<br>Tan\u00fad, hogy ezt meg is ismerj\u00e9k,<br>Tan\u00fad, hogy itt a pillanat,<br>Tan\u00fad, hogy a b\u0171n m\u00e1r fennakadt!<\/p>\n\n\n\n<p class=\"has-text-align-center\">Tan\u00fad, hogy itt az irgalom,<br>Tan\u00fad, hogy nincs m\u00e1s oltalom,<br>Tan\u00fad, hogy mindez nem vall\u00e1sismeret,<br>Hanem t\u00f6bb, mert itt \u00e9lek Veled!<\/p>\n\n\n\n<hr style=\"border-top: 1px solid gray;\">\n\n\n<div class=\"wp-block-image\">\n<figure class=\"aligncenter size-large\"><img decoding=\"async\" loading=\"lazy\" width=\"709\" height=\"1024\" src=\"https:\/\/www.vitezi-rend.com\/wp-content\/uploads\/2023\/12\/VR_Karaacsonyi_koszontes_2023_12_19_Page_1-709x1024.jpg\" alt=\"\" class=\"wp-image-4459\" srcset=\"https:\/\/www.vitezi-rend.com\/wp-content\/uploads\/2023\/12\/VR_Karaacsonyi_koszontes_2023_12_19_Page_1-709x1024.jpg 709w, https:\/\/www.vitezi-rend.com\/wp-content\/uploads\/2023\/12\/VR_Karaacsonyi_koszontes_2023_12_19_Page_1-208x300.jpg 208w, https:\/\/www.vitezi-rend.com\/wp-content\/uploads\/2023\/12\/VR_Karaacsonyi_koszontes_2023_12_19_Page_1-768x1110.jpg 768w, https:\/\/www.vitezi-rend.com\/wp-content\/uploads\/2023\/12\/VR_Karaacsonyi_koszontes_2023_12_19_Page_1-1063x1536.jpg 1063w, https:\/\/www.vitezi-rend.com\/wp-content\/uploads\/2023\/12\/VR_Karaacsonyi_koszontes_2023_12_19_Page_1-8x12.jpg 8w, https:\/\/www.vitezi-rend.com\/wp-content\/uploads\/2023\/12\/VR_Karaacsonyi_koszontes_2023_12_19_Page_1.jpg 1417w\" sizes=\"(max-width: 709px) 100vw, 709px\" \/><\/figure><\/div>\n\n<div class=\"wp-block-image\">\n<figure class=\"aligncenter size-large\"><img decoding=\"async\" loading=\"lazy\" width=\"728\" height=\"1024\" src=\"https:\/\/www.vitezi-rend.com\/wp-content\/uploads\/2023\/12\/VR_Karaacsonyi_koszontes_2023_12_19_Page_2-728x1024.jpg\" alt=\"\" class=\"wp-image-4460\" srcset=\"https:\/\/www.vitezi-rend.com\/wp-content\/uploads\/2023\/12\/VR_Karaacsonyi_koszontes_2023_12_19_Page_2-728x1024.jpg 728w, https:\/\/www.vitezi-rend.com\/wp-content\/uploads\/2023\/12\/VR_Karaacsonyi_koszontes_2023_12_19_Page_2-213x300.jpg 213w, https:\/\/www.vitezi-rend.com\/wp-content\/uploads\/2023\/12\/VR_Karaacsonyi_koszontes_2023_12_19_Page_2-768x1080.jpg 768w, https:\/\/www.vitezi-rend.com\/wp-content\/uploads\/2023\/12\/VR_Karaacsonyi_koszontes_2023_12_19_Page_2-1092x1536.jpg 1092w, https:\/\/www.vitezi-rend.com\/wp-content\/uploads\/2023\/12\/VR_Karaacsonyi_koszontes_2023_12_19_Page_2-9x12.jpg 9w, https:\/\/www.vitezi-rend.com\/wp-content\/uploads\/2023\/12\/VR_Karaacsonyi_koszontes_2023_12_19_Page_2.jpg 1456w\" sizes=\"(max-width: 728px) 100vw, 728px\" \/><\/figure><\/div>","protected":false},"excerpt":{"rendered":"<p>F\u0151kapit\u00e1ny \u00far, a Vit\u00e9zi Sz\u00e9k \u00e9s a Vit\u00e9zi Rend Tisztikara \u00c1ldott Adventet, a Kar\u00e1csony Miszt\u00e9rium\u00e1nak Kegyelm\u00e9t \u00e9s Boldog \u00daj Esztend\u0151t k\u00edv\u00e1n Spiritu\u00e1lis T\u00f6rzskapit\u00e1ny \u00far soraival minden rendt\u00e1rsunknak \u00e9s bar\u00e1tunknak!<\/p>","protected":false},"author":1,"featured_media":0,"comment_status":"closed","ping_status":"closed","sticky":false,"template":"","format":"standard","meta":{"_genesis_hide_title":false,"_genesis_hide_breadcrumbs":false,"_genesis_hide_singular_image":false,"_genesis_hide_footer_widgets":false,"_genesis_custom_body_class":"","_genesis_custom_post_class":"","_genesis_layout":""},"categories":[43],"tags":[],"_links":{"self":[{"href":"https:\/\/www.vitezi-rend.com\/hu\/wp-json\/wp\/v2\/posts\/4458"}],"collection":[{"href":"https:\/\/www.vitezi-rend.com\/hu\/wp-json\/wp\/v2\/posts"}],"about":[{"href":"https:\/\/www.vitezi-rend.com\/hu\/wp-json\/wp\/v2\/types\/post"}],"author":[{"embeddable":true,"href":"https:\/\/www.vitezi-rend.com\/hu\/wp-json\/wp\/v2\/users\/1"}],"replies":[{"embeddable":true,"href":"https:\/\/www.vitezi-rend.com\/hu\/wp-json\/wp\/v2\/comments?post=4458"}],"version-history":[{"count":3,"href":"https:\/\/www.vitezi-rend.com\/hu\/wp-json\/wp\/v2\/posts\/4458\/revisions"}],"predecessor-version":[{"id":4467,"href":"https:\/\/www.vitezi-rend.com\/hu\/wp-json\/wp\/v2\/posts\/4458\/revisions\/4467"}],"wp:attachment":[{"href":"https:\/\/www.vitezi-rend.com\/hu\/wp-json\/wp\/v2\/media?parent=4458"}],"wp:term":[{"taxonomy":"category","embeddable":true,"href":"https:\/\/www.vitezi-rend.com\/hu\/wp-json\/wp\/v2\/categories?post=4458"},{"taxonomy":"post_tag","embeddable":true,"href":"https:\/\/www.vitezi-rend.com\/hu\/wp-json\/wp\/v2\/tags?post=4458"}],"curies":[{"name":"wp","href":"https:\/\/api.w.org\/{rel}","templated":true}]}}