{"id":4659,"date":"2024-08-25T20:11:32","date_gmt":"2024-08-25T19:11:32","guid":{"rendered":"https:\/\/www.vitezi-rend.com\/?p=4659"},"modified":"2024-08-25T21:11:39","modified_gmt":"2024-08-25T20:11:39","slug":"state-award-of-vitez-josef-karl-von-habsburg-lothringen-archduke-of-austria-royal-prince-of-hungary","status":"publish","type":"post","link":"https:\/\/www.vitezi-rend.com\/hu\/state-award-of-vitez-josef-karl-von-habsburg-lothringen-archduke-of-austria-royal-prince-of-hungary\/","title":{"rendered":"Vit\u00e9z Habsburg-Lotharingiai J\u00f3zsef K\u00e1roly f\u0151herceg, magyar kir\u00e1lyi herceg \u00far \u00e1llami kit\u00fcntet\u00e9se"},"content":{"rendered":"<p class=\"has-text-align-center\"><strong>2024. augusztus 25.<\/strong><\/p>\n\n\n<div class=\"wp-block-image\">\n<figure class=\"aligncenter size-full\"><img decoding=\"async\" loading=\"lazy\" width=\"391\" height=\"640\" src=\"https:\/\/www.vitezi-rend.com\/wp-content\/uploads\/2024\/08\/post91_pic01-1.jpg\" alt=\"\" class=\"wp-image-4665\" srcset=\"https:\/\/www.vitezi-rend.com\/wp-content\/uploads\/2024\/08\/post91_pic01-1.jpg 391w, https:\/\/www.vitezi-rend.com\/wp-content\/uploads\/2024\/08\/post91_pic01-1-183x300.jpg 183w, https:\/\/www.vitezi-rend.com\/wp-content\/uploads\/2024\/08\/post91_pic01-1-7x12.jpg 7w\" sizes=\"(max-width: 391px) 100vw, 391px\" \/><\/figure><\/div>\n\n\n<p>Magyarorsz\u00e1g K\u00f6zt\u00e1rsas\u00e1gi Eln\u00f6ke Dr. Sulyok Tam\u00e1s a Magyar \u00c9rdemrend Parancsnoki Keresztje kit\u00fcntet\u00e9st adom\u00e1nyozta 2024. augusztus 20. Magyarorsz\u00e1g \u00e1llamalap\u00edt\u00e1sa \u00e9s az \u00e1llamalap\u00edt\u00f3 Szent Istv\u00e1n kir\u00e1ly nemzeti \u00fcnnepe alkalm\u00e1b\u00f3l F\u0151kapit\u00e1ny \u00farnak.<\/p>\n\n\n\n<p>Az indokl\u00e1s: \u201eMagyarorsz\u00e1g j\u00f3 h\u00edrnev\u00e9nek \u00f6regb\u00edt\u00e9s\u00e9t szolg\u00e1l\u00f3, haz\u00e1nk \u00e9s kult\u00far\u00e1nk, illetve kereszt\u00e9ny elk\u00f6telezetts\u00e9g\u00fcnk k\u00e9pviselet\u00e9t t\u00e1mogat\u00f3 tev\u00e9kenys\u00e9ge elismer\u00e9sek\u00e9nt.\u201d<\/p>\n\n\n\n<p>(Magyar K\u00f6zl\u00f6ny, 2024\/82. sz\u00e1m)<\/p>\n\n\n\n<p>Sz\u00edvb\u0151l gratul\u00e1lunk tev\u00e9kenys\u00e9g\u00e9nek ezen igen magas szint\u0171 \u00e1llami elismer\u00e9s\u00e9hez, F\u0151kapit\u00e1ny \u00far! Isten \u00f3vja! Viv\u00e1t! Viv\u00e1t! Viv\u00e1t! \u2694\ufe0f\ud83c\udded\ud83c\uddfa\u2694\ufe0f<\/p>\n\n\n\n<hr style=\"border-top: 1px solid gray;\">\n\n\n<div class=\"wp-block-image\">\n<figure class=\"aligncenter size-full is-resized\"><img decoding=\"async\" loading=\"lazy\" src=\"https:\/\/www.vitezi-rend.com\/wp-content\/uploads\/2024\/08\/post91_pic02.jpg\" alt=\"\" class=\"wp-image-4660\" width=\"343\" height=\"472\" srcset=\"https:\/\/www.vitezi-rend.com\/wp-content\/uploads\/2024\/08\/post91_pic02.jpg 686w, https:\/\/www.vitezi-rend.com\/wp-content\/uploads\/2024\/08\/post91_pic02-218x300.jpg 218w, https:\/\/www.vitezi-rend.com\/wp-content\/uploads\/2024\/08\/post91_pic02-9x12.jpg 9w\" sizes=\"(max-width: 343px) 100vw, 343px\" \/><\/figure><\/div>","protected":false},"excerpt":{"rendered":"<p>Magyarorsz\u00e1g K\u00f6zt\u00e1rsas\u00e1gi Eln\u00f6ke Dr. Sulyok Tam\u00e1s a Magyar \u00c9rdemrend Parancsnoki Keresztje kit\u00fcntet\u00e9st adom\u00e1nyozta 2024. augusztus 20. Magyarorsz\u00e1g \u00e1llamalap\u00edt\u00e1sa \u00e9s az \u00e1llamalap\u00edt\u00f3 Szent Istv\u00e1n kir\u00e1ly nemzeti \u00fcnnepe alkalm\u00e1b\u00f3l F\u0151kapit\u00e1ny \u00farnak.<\/p>","protected":false},"author":2,"featured_media":0,"comment_status":"closed","ping_status":"closed","sticky":false,"template":"","format":"standard","meta":{"_genesis_hide_title":false,"_genesis_hide_breadcrumbs":false,"_genesis_hide_singular_image":false,"_genesis_hide_footer_widgets":false,"_genesis_custom_body_class":"","_genesis_custom_post_class":"","_genesis_layout":""},"categories":[43],"tags":[],"_links":{"self":[{"href":"https:\/\/www.vitezi-rend.com\/hu\/wp-json\/wp\/v2\/posts\/4659"}],"collection":[{"href":"https:\/\/www.vitezi-rend.com\/hu\/wp-json\/wp\/v2\/posts"}],"about":[{"href":"https:\/\/www.vitezi-rend.com\/hu\/wp-json\/wp\/v2\/types\/post"}],"author":[{"embeddable":true,"href":"https:\/\/www.vitezi-rend.com\/hu\/wp-json\/wp\/v2\/users\/2"}],"replies":[{"embeddable":true,"href":"https:\/\/www.vitezi-rend.com\/hu\/wp-json\/wp\/v2\/comments?post=4659"}],"version-history":[{"count":3,"href":"https:\/\/www.vitezi-rend.com\/hu\/wp-json\/wp\/v2\/posts\/4659\/revisions"}],"predecessor-version":[{"id":4666,"href":"https:\/\/www.vitezi-rend.com\/hu\/wp-json\/wp\/v2\/posts\/4659\/revisions\/4666"}],"wp:attachment":[{"href":"https:\/\/www.vitezi-rend.com\/hu\/wp-json\/wp\/v2\/media?parent=4659"}],"wp:term":[{"taxonomy":"category","embeddable":true,"href":"https:\/\/www.vitezi-rend.com\/hu\/wp-json\/wp\/v2\/categories?post=4659"},{"taxonomy":"post_tag","embeddable":true,"href":"https:\/\/www.vitezi-rend.com\/hu\/wp-json\/wp\/v2\/tags?post=4659"}],"curies":[{"name":"wp","href":"https:\/\/api.w.org\/{rel}","templated":true}]}}