{"id":5806,"date":"2026-03-17T20:38:29","date_gmt":"2026-03-17T19:38:29","guid":{"rendered":"https:\/\/www.vitezi-rend.com\/?p=5806"},"modified":"2026-03-17T20:38:44","modified_gmt":"2026-03-17T19:38:44","slug":"commemoration-of-march-15-in-csepel","status":"publish","type":"post","link":"https:\/\/www.vitezi-rend.com\/hu\/commemoration-of-march-15-in-csepel\/","title":{"rendered":"M\u00e1rcius 15-ei megeml\u00e9kez\u00e9s Csepelen"},"content":{"rendered":"<p class=\"has-text-align-center\"><strong>2026. m\u00e1rcius 17.<\/strong><\/p>\n\n\n<div class=\"wp-block-image\">\n<figure class=\"aligncenter size-large is-resized\"><img decoding=\"async\" loading=\"lazy\" src=\"https:\/\/www.vitezi-rend.com\/wp-content\/uploads\/2026\/03\/post140_pic001-1024x683.jpg\" alt=\"\" class=\"wp-image-5807\" width=\"512\" height=\"342\" srcset=\"https:\/\/www.vitezi-rend.com\/wp-content\/uploads\/2026\/03\/post140_pic001-1024x683.jpg 1024w, https:\/\/www.vitezi-rend.com\/wp-content\/uploads\/2026\/03\/post140_pic001-300x200.jpg 300w, https:\/\/www.vitezi-rend.com\/wp-content\/uploads\/2026\/03\/post140_pic001-768x512.jpg 768w, https:\/\/www.vitezi-rend.com\/wp-content\/uploads\/2026\/03\/post140_pic001-1536x1025.jpg 1536w, https:\/\/www.vitezi-rend.com\/wp-content\/uploads\/2026\/03\/post140_pic001-18x12.jpg 18w, https:\/\/www.vitezi-rend.com\/wp-content\/uploads\/2026\/03\/post140_pic001.jpg 2048w\" sizes=\"(max-width: 512px) 100vw, 512px\" \/><\/figure><\/div>\n\n\n<p class=\"has-text-align-center\"><em>Szerz\u0151: vit\u00e9z K\u00f3tai Margit sz\u00e9kkapit\u00e1ny<\/em><\/p>\n\n\n\n<p>A Vit\u00e9zi Rend Duna-Csepel Sz\u00e9kkapit\u00e1nys\u00e1g\u00e1nak vit\u00e9zei 2026. m\u00e1rcius 15-\u00e9n r\u00e9szt vettek a Budapest XXI. ker\u00fclet\u00e9ben, Csepelen megrendezett \u00fcnneps\u00e9gen, amelynek sor\u00e1n koszor\u00fat helyeztek el Pet\u0151fi S\u00e1ndor szobr\u00e1n\u00e1l. <\/p>\n\n\n\n<p>Ezt k\u00f6vet\u0151en \u00e1llom\u00e1nygy\u0171l\u00e9s megtart\u00e1s\u00e1ra ker\u00fclt sor, amelyen 12 rendt\u00e1rsunk vett r\u00e9szt, 4-en pedig a B\u00e9kemeneten k\u00e9pviselt\u00e9k a Vit\u00e9zi Rendet. Nagy tisztelettel \u00e9s szeretettel fogadtuk vit\u00e9z szajoli Heged\u0171s Ferenc t\u00f6rzskapit\u00e1nyt, aki emelte az \u00f6sszej\u00f6vetel sz\u00ednvonal\u00e1t. A besz\u00e1mol\u00f3k \u00e9s hozz\u00e1sz\u00f3l\u00e1sok ut\u00e1n, sor ker\u00fclt az \u00e9ves tagi hozz\u00e1j\u00e1rul\u00e1sok befizet\u00e9s\u00e9re is. F\u00e1j\u00f3 sz\u00edvvel eml\u00e9kezt\u00fcnk a tavalyi \u00e9vben elhunyt rendt\u00e1rsakr\u00f3l: vit\u00e9z Kaiser Ern\u0151 sz\u00e9kkapit\u00e1nyr\u00f3l, vit\u00e9z Nagy Mikl\u00f3sn\u00e9 sz\u00fcletett Sermes Zsuzsann\u00e1r\u00f3l \u00e9s vit\u00e9z Cs\u00f3ka L\u00e1szl\u00f3 hadnagyr\u00f3l. V\u00e9gezet\u00fcl l\u00e1togat\u00e1st tett\u00fcnk a helyi \u00d6sszetartoz\u00e1s h\u00e1z\u00e1ban, azaz a Trianoni m\u00fazeumban.<\/p>\n\n\n\n<hr style=\"border-top: 1px solid gray;\">\n\n\n<div class=\"wp-block-image\">\n<figure class=\"aligncenter size-full is-resized\"><img decoding=\"async\" loading=\"lazy\" src=\"https:\/\/www.vitezi-rend.com\/wp-content\/uploads\/2026\/03\/post140_pic002.jpg\" alt=\"\" class=\"wp-image-5808\" width=\"455\" height=\"304\" srcset=\"https:\/\/www.vitezi-rend.com\/wp-content\/uploads\/2026\/03\/post140_pic002.jpg 910w, https:\/\/www.vitezi-rend.com\/wp-content\/uploads\/2026\/03\/post140_pic002-300x200.jpg 300w, https:\/\/www.vitezi-rend.com\/wp-content\/uploads\/2026\/03\/post140_pic002-768x512.jpg 768w, https:\/\/www.vitezi-rend.com\/wp-content\/uploads\/2026\/03\/post140_pic002-18x12.jpg 18w\" sizes=\"(max-width: 455px) 100vw, 455px\" \/><\/figure><\/div>\n\n<div class=\"wp-block-image\">\n<figure class=\"aligncenter size-large is-resized\"><img decoding=\"async\" loading=\"lazy\" src=\"https:\/\/www.vitezi-rend.com\/wp-content\/uploads\/2026\/03\/post140_pic003-1024x447.jpg\" alt=\"\" class=\"wp-image-5809\" width=\"512\" height=\"224\" srcset=\"https:\/\/www.vitezi-rend.com\/wp-content\/uploads\/2026\/03\/post140_pic003-1024x447.jpg 1024w, https:\/\/www.vitezi-rend.com\/wp-content\/uploads\/2026\/03\/post140_pic003-300x131.jpg 300w, https:\/\/www.vitezi-rend.com\/wp-content\/uploads\/2026\/03\/post140_pic003-768x335.jpg 768w, https:\/\/www.vitezi-rend.com\/wp-content\/uploads\/2026\/03\/post140_pic003-1536x670.jpg 1536w, https:\/\/www.vitezi-rend.com\/wp-content\/uploads\/2026\/03\/post140_pic003-18x8.jpg 18w, https:\/\/www.vitezi-rend.com\/wp-content\/uploads\/2026\/03\/post140_pic003.jpg 2048w\" sizes=\"(max-width: 512px) 100vw, 512px\" \/><\/figure><\/div>\n\n<div class=\"wp-block-image\">\n<figure class=\"aligncenter size-large is-resized\"><img decoding=\"async\" loading=\"lazy\" src=\"https:\/\/www.vitezi-rend.com\/wp-content\/uploads\/2026\/03\/post140_pic004-1024x1024.jpg\" alt=\"\" class=\"wp-image-5810\" width=\"512\" height=\"512\" srcset=\"https:\/\/www.vitezi-rend.com\/wp-content\/uploads\/2026\/03\/post140_pic004-1024x1024.jpg 1024w, https:\/\/www.vitezi-rend.com\/wp-content\/uploads\/2026\/03\/post140_pic004-300x300.jpg 300w, https:\/\/www.vitezi-rend.com\/wp-content\/uploads\/2026\/03\/post140_pic004-150x150.jpg 150w, https:\/\/www.vitezi-rend.com\/wp-content\/uploads\/2026\/03\/post140_pic004-768x768.jpg 768w, https:\/\/www.vitezi-rend.com\/wp-content\/uploads\/2026\/03\/post140_pic004-1536x1536.jpg 1536w, https:\/\/www.vitezi-rend.com\/wp-content\/uploads\/2026\/03\/post140_pic004-2048x2048.jpg 2048w, https:\/\/www.vitezi-rend.com\/wp-content\/uploads\/2026\/03\/post140_pic004-12x12.jpg 12w\" sizes=\"(max-width: 512px) 100vw, 512px\" \/><\/figure><\/div>\n\n<div class=\"wp-block-image\">\n<figure class=\"aligncenter size-full is-resized\"><img decoding=\"async\" loading=\"lazy\" src=\"https:\/\/www.vitezi-rend.com\/wp-content\/uploads\/2026\/03\/post140_pic005.jpg\" alt=\"\" class=\"wp-image-5811\" width=\"455\" height=\"455\" srcset=\"https:\/\/www.vitezi-rend.com\/wp-content\/uploads\/2026\/03\/post140_pic005.jpg 607w, https:\/\/www.vitezi-rend.com\/wp-content\/uploads\/2026\/03\/post140_pic005-300x300.jpg 300w, https:\/\/www.vitezi-rend.com\/wp-content\/uploads\/2026\/03\/post140_pic005-150x150.jpg 150w, https:\/\/www.vitezi-rend.com\/wp-content\/uploads\/2026\/03\/post140_pic005-12x12.jpg 12w\" sizes=\"(max-width: 455px) 100vw, 455px\" \/><\/figure><\/div>\n\n<div class=\"wp-block-image\">\n<figure class=\"aligncenter size-large is-resized\"><img decoding=\"async\" loading=\"lazy\" src=\"https:\/\/www.vitezi-rend.com\/wp-content\/uploads\/2026\/03\/post140_pic006-1024x1024.jpg\" alt=\"\" class=\"wp-image-5812\" width=\"512\" height=\"512\" srcset=\"https:\/\/www.vitezi-rend.com\/wp-content\/uploads\/2026\/03\/post140_pic006-1024x1024.jpg 1024w, https:\/\/www.vitezi-rend.com\/wp-content\/uploads\/2026\/03\/post140_pic006-300x300.jpg 300w, https:\/\/www.vitezi-rend.com\/wp-content\/uploads\/2026\/03\/post140_pic006-150x150.jpg 150w, https:\/\/www.vitezi-rend.com\/wp-content\/uploads\/2026\/03\/post140_pic006-768x768.jpg 768w, https:\/\/www.vitezi-rend.com\/wp-content\/uploads\/2026\/03\/post140_pic006-1536x1536.jpg 1536w, https:\/\/www.vitezi-rend.com\/wp-content\/uploads\/2026\/03\/post140_pic006-2048x2048.jpg 2048w, https:\/\/www.vitezi-rend.com\/wp-content\/uploads\/2026\/03\/post140_pic006-12x12.jpg 12w\" sizes=\"(max-width: 512px) 100vw, 512px\" \/><\/figure><\/div>\n\n<div class=\"wp-block-image\">\n<figure class=\"aligncenter size-full is-resized\"><img decoding=\"async\" loading=\"lazy\" src=\"https:\/\/www.vitezi-rend.com\/wp-content\/uploads\/2026\/03\/post140_pic007.jpg\" alt=\"\" class=\"wp-image-5813\" width=\"455\" height=\"455\" srcset=\"https:\/\/www.vitezi-rend.com\/wp-content\/uploads\/2026\/03\/post140_pic007.jpg 607w, https:\/\/www.vitezi-rend.com\/wp-content\/uploads\/2026\/03\/post140_pic007-300x300.jpg 300w, https:\/\/www.vitezi-rend.com\/wp-content\/uploads\/2026\/03\/post140_pic007-150x150.jpg 150w, https:\/\/www.vitezi-rend.com\/wp-content\/uploads\/2026\/03\/post140_pic007-12x12.jpg 12w\" sizes=\"(max-width: 455px) 100vw, 455px\" \/><\/figure><\/div>\n\n<div class=\"wp-block-image\">\n<figure class=\"aligncenter size-full\"><img decoding=\"async\" loading=\"lazy\" width=\"503\" height=\"350\" src=\"https:\/\/www.vitezi-rend.com\/wp-content\/uploads\/2026\/03\/post140_pic008.jpg\" alt=\"\" class=\"wp-image-5814\" srcset=\"https:\/\/www.vitezi-rend.com\/wp-content\/uploads\/2026\/03\/post140_pic008.jpg 503w, https:\/\/www.vitezi-rend.com\/wp-content\/uploads\/2026\/03\/post140_pic008-300x209.jpg 300w, https:\/\/www.vitezi-rend.com\/wp-content\/uploads\/2026\/03\/post140_pic008-18x12.jpg 18w\" sizes=\"(max-width: 503px) 100vw, 503px\" \/><\/figure><\/div>","protected":false},"excerpt":{"rendered":"<p>A Vit\u00e9zi Rend Duna-Csepel Sz\u00e9kkapit\u00e1nys\u00e1g\u00e1nak vit\u00e9zei 2026. m\u00e1rcius 15-\u00e9n r\u00e9szt vettek a Budapest XXI. ker\u00fclet\u00e9ben, Csepelen megrendezett \u00fcnneps\u00e9gen, amelynek sor\u00e1n koszor\u00fat helyeztek el Pet\u0151fi S\u00e1ndor szobr\u00e1n\u00e1l.<\/p>","protected":false},"author":2,"featured_media":0,"comment_status":"closed","ping_status":"closed","sticky":false,"template":"","format":"standard","meta":{"_genesis_hide_title":false,"_genesis_hide_breadcrumbs":false,"_genesis_hide_singular_image":false,"_genesis_hide_footer_widgets":false,"_genesis_custom_body_class":"","_genesis_custom_post_class":"","_genesis_layout":""},"categories":[43],"tags":[],"_links":{"self":[{"href":"https:\/\/www.vitezi-rend.com\/hu\/wp-json\/wp\/v2\/posts\/5806"}],"collection":[{"href":"https:\/\/www.vitezi-rend.com\/hu\/wp-json\/wp\/v2\/posts"}],"about":[{"href":"https:\/\/www.vitezi-rend.com\/hu\/wp-json\/wp\/v2\/types\/post"}],"author":[{"embeddable":true,"href":"https:\/\/www.vitezi-rend.com\/hu\/wp-json\/wp\/v2\/users\/2"}],"replies":[{"embeddable":true,"href":"https:\/\/www.vitezi-rend.com\/hu\/wp-json\/wp\/v2\/comments?post=5806"}],"version-history":[{"count":1,"href":"https:\/\/www.vitezi-rend.com\/hu\/wp-json\/wp\/v2\/posts\/5806\/revisions"}],"predecessor-version":[{"id":5815,"href":"https:\/\/www.vitezi-rend.com\/hu\/wp-json\/wp\/v2\/posts\/5806\/revisions\/5815"}],"wp:attachment":[{"href":"https:\/\/www.vitezi-rend.com\/hu\/wp-json\/wp\/v2\/media?parent=5806"}],"wp:term":[{"taxonomy":"category","embeddable":true,"href":"https:\/\/www.vitezi-rend.com\/hu\/wp-json\/wp\/v2\/categories?post=5806"},{"taxonomy":"post_tag","embeddable":true,"href":"https:\/\/www.vitezi-rend.com\/hu\/wp-json\/wp\/v2\/tags?post=5806"}],"curies":[{"name":"wp","href":"https:\/\/api.w.org\/{rel}","templated":true}]}}